{"id":9107,"date":"2025-02-05T11:00:15","date_gmt":"2025-02-05T10:00:15","guid":{"rendered":"https:\/\/www.sejfo.se\/?p=9107"},"modified":"2025-02-05T11:02:54","modified_gmt":"2025-02-05T10:02:54","slug":"varldsledande-automationslosningar-och-specialmaskiner-fran-koping","status":"publish","type":"post","link":"https:\/\/www.sejfo.se\/en\/varldsledande-automationslosningar-och-specialmaskiner-fran-koping\/","title":{"rendered":"World leading automation solutions and custom machines from K\u00f6ping"},"content":{"rendered":"<p>Article about Sejfo in enterprisemagazine.<\/p>\n\n\n\n<p><a href=\"https:\/\/www.enterprisemagazine.se\/nyheter\/artikel\/varldsledande-automationslosningar-och-specialmaskiner-fran-koping\" target=\"_blank\" rel=\"noopener\">World leading automation solutions and custom machines from K\u00f6ping<\/a><\/p>\n\n\n\n<h4 class=\"wp-block-heading\"><strong>Bara fantasin s\u00e4tter gr\u00e4nser!<\/strong><\/h4>\n\n\n\n<p><em>\u201cJa, idag kan vi skapa maskiner till n\u00e4stan vilken bransch som helst\u201d, konstaterar Karl. \u201cBara fantasin s\u00e4tter gr\u00e4nser!\u201d&nbsp;<\/em>Vi ska snart prata mer om det. Men f\u00f6rst m\u00e5ste vi h\u00f6ra mer om historien bakom Sejfo.<\/p>\n\n\n\n<h4 class=\"wp-block-heading\"><strong>Historien b\u00f6rjar med Volvo<\/strong><\/h4>\n\n\n\n<p>Allt b\u00f6rjade med den gamle Volvo-vd:n S\u00f6ren Gyll. I b\u00f6rjan av 1990-talet ville han skala ner Volvos verksamhet och satsa mer p\u00e5 k\u00e4rnverksamheten. Den inkluderade inte egen tillverkning av maskiner, menade han, och p\u00e5 produktionsavdelningen i K\u00f6ping st\u00e4lldes tre herrar d\u00e4rf\u00f6r inf\u00f6r fr\u00e5gan om de hade lust att forts\u00e4tta verksamheten under eget namn.&nbsp;<\/p>\n\n\n\n<h4 class=\"wp-block-heading\"><strong>Tre herrar som sa ja<\/strong><\/h4>\n\n\n\n<p>Ski\u00f6ld, Ejesved och Fogelberg svarade ja. \u00c5ret var 1991 och Sejfo hade d\u00e4rmed sett dagens ljus. Fast egentligen var de fyra grundare bakom bolaget. <em>\u201dV\u00e5r nuvarande VD Jan var ocks\u00e5 med, men han var s\u00e5 ung d\u00e5 att han inte fick vara med i namnet\u201d, ber\u00e4ttar Karl och skrattar.&nbsp;<\/em><\/p>\n\n\n\n<p><\/p>\n\n\n<style>.kb-image9107_f87d5e-a6 .kb-image-has-overlay:after{opacity:0.3;}<\/style>\n<figure class=\"wp-block-kadence-image kb-image9107_f87d5e-a6 size-large\"><img loading=\"lazy\" decoding=\"async\" width=\"1024\" height=\"560\" src=\"https:\/\/www.sejfo.se\/wp-content\/uploads\/2025\/02\/1054734-1024x560.jpg\" alt=\"\" class=\"kb-img wp-image-9108\" srcset=\"https:\/\/www.sejfo.se\/wp-content\/uploads\/2025\/02\/1054734-1024x560.jpg 1024w, https:\/\/www.sejfo.se\/wp-content\/uploads\/2025\/02\/1054734-300x164.jpg 300w, https:\/\/www.sejfo.se\/wp-content\/uploads\/2025\/02\/1054734-768x420.jpg 768w, https:\/\/www.sejfo.se\/wp-content\/uploads\/2025\/02\/1054734-1536x839.jpg 1536w, https:\/\/www.sejfo.se\/wp-content\/uploads\/2025\/02\/1054734-18x10.jpg 18w, https:\/\/www.sejfo.se\/wp-content\/uploads\/2025\/02\/1054734-500x273.jpg 500w, https:\/\/www.sejfo.se\/wp-content\/uploads\/2025\/02\/1054734.jpg 1570w\" sizes=\"auto, (max-width: 1024px) 100vw, 1024px\" \/><\/figure>","protected":false},"excerpt":{"rendered":"<p>Artikel om Sejfo i tidningen enterprisemagazine. V\u00e4rldsledande automationsl\u00f6sningar och specialmaskiner fr\u00e5n K\u00f6ping Bara fantasin s\u00e4tter gr\u00e4nser! \u201cJa, idag kan vi&#8230;<\/p>","protected":false},"author":3,"featured_media":9108,"comment_status":"closed","ping_status":"closed","sticky":false,"template":"","format":"standard","meta":{"_acf_changed":false,"_kad_blocks_custom_css":"","_kad_blocks_head_custom_js":"","_kad_blocks_body_custom_js":"","_kad_blocks_footer_custom_js":"","_kad_post_transparent":"","_kad_post_title":"","_kad_post_layout":"","_kad_post_sidebar_id":"","_kad_post_content_style":"","_kad_post_vertical_padding":"","_kad_post_feature":"","_kad_post_feature_position":"","_kad_post_header":false,"_kad_post_footer":false,"_kad_post_classname":"","footnotes":""},"categories":[303],"tags":[],"class_list":["post-9107","post","type-post","status-publish","format-standard","has-post-thumbnail","hentry","category-artikel"],"acf":[],"taxonomy_info":{"category":[{"value":303,"label":"Artikel"}]},"featured_image_src_large":["https:\/\/www.sejfo.se\/wp-content\/uploads\/2025\/02\/1054734-1024x560.jpg",1024,560,true],"author_info":{"display_name":"Karl Ingstr\u00f6m","author_link":"https:\/\/www.sejfo.se\/en\/author\/karl-ingstrom\/"},"comment_info":0,"category_info":[{"term_id":303,"name":"Artikel","slug":"artikel","term_group":0,"term_taxonomy_id":303,"taxonomy":"category","description":"","parent":0,"count":3,"filter":"raw","cat_ID":303,"category_count":3,"category_description":"","cat_name":"Artikel","category_nicename":"artikel","category_parent":0}],"tag_info":false,"_links":{"self":[{"href":"https:\/\/www.sejfo.se\/en\/wp-json\/wp\/v2\/posts\/9107","targetHints":{"allow":["GET"]}}],"collection":[{"href":"https:\/\/www.sejfo.se\/en\/wp-json\/wp\/v2\/posts"}],"about":[{"href":"https:\/\/www.sejfo.se\/en\/wp-json\/wp\/v2\/types\/post"}],"author":[{"embeddable":true,"href":"https:\/\/www.sejfo.se\/en\/wp-json\/wp\/v2\/users\/3"}],"replies":[{"embeddable":true,"href":"https:\/\/www.sejfo.se\/en\/wp-json\/wp\/v2\/comments?post=9107"}],"version-history":[{"count":0,"href":"https:\/\/www.sejfo.se\/en\/wp-json\/wp\/v2\/posts\/9107\/revisions"}],"wp:featuredmedia":[{"embeddable":true,"href":"https:\/\/www.sejfo.se\/en\/wp-json\/wp\/v2\/media\/9108"}],"wp:attachment":[{"href":"https:\/\/www.sejfo.se\/en\/wp-json\/wp\/v2\/media?parent=9107"}],"wp:term":[{"taxonomy":"category","embeddable":true,"href":"https:\/\/www.sejfo.se\/en\/wp-json\/wp\/v2\/categories?post=9107"},{"taxonomy":"post_tag","embeddable":true,"href":"https:\/\/www.sejfo.se\/en\/wp-json\/wp\/v2\/tags?post=9107"}],"curies":[{"name":"wp","href":"https:\/\/api.w.org\/{rel}","templated":true}]}}